{"id":1442,"date":"2023-06-06T17:13:22","date_gmt":"2023-06-06T15:13:22","guid":{"rendered":"https:\/\/www.aureliemenaldo.fr\/climate-canary\/"},"modified":"2024-06-24T15:22:35","modified_gmt":"2024-06-24T13:22:35","slug":"climate-canary","status":"publish","type":"post","link":"https:\/\/www.aureliemenaldo.fr\/it\/climate-canary\/","title":{"rendered":"Climate Canary"},"content":{"rendered":"<p>Si sa bene, gli artisti sono dei preti laici. Il loro compito \u00e8 di tracciare un cerchio sul terreno ed indicare alla comunit\u00e0 l&#8217;unit\u00e0\u00a0che la fonda. Questa unit\u00e0 ha le radici nel nostro ambiente circostante; gli dei sono prima gli dei locali, gli dei del paese- di modo che si sono qualificate certe religioni come pagane (da paganus, &#8220;del paese&#8221;)<\/p>\n<div>La nostra Athena di Saint-Etienne, centro situato alla periferia creata dalla ferrovia, \u00e8 evidentemente il mucchio di scorie. Strana dea delle foreste, del suolo, utile alla fucina, alla casa e alla guerra. Festeggiamo Santa Barbara, ma \u00e8 soltanto l&#8217;altro nome della dea bona dea, la buona dea.<\/div>\n<div>L&#8217;Arte come la religione \u00e8\u00a0 l&#8217;occasione di rinnovare\u00a0la nostra piet\u00e0 al cospetto dei sani idoli. Non un Vitello d&#8217;oro, ma un muro di carbone<\/div>\n<div>Ci sono le pietre votive. E c&#8217;\u00e8 il sacrificio, naturalmente, che esigono gli dei : il canarino,la sorte dei cui polmoni far\u00e0 il buono o il cattivo auspicio.<\/div>\n<div>Qui tutto \u00e8 organizzato come un tempio, nel quale\u00a0i nostri dei, piu\u00a0o meno antichi, minori\u00a0o maggiori, non dormono pi\u00f9<\/div>\n<div>\u00a0<\/div>\n<div>Mostra a L&#8217;Assaut de la menuiserie, Saint-Etienne 2019.\u00a0<\/div>\n","protected":false},"excerpt":{"rendered":"<p>Si sa bene, gli artisti sono dei preti laici. Il loro compito \u00e8 di tracciare un cerchio sul terreno ed indicare alla comunit\u00e0 l&#8217;unit\u00e0\u00a0che la fonda. Questa unit\u00e0 ha le radici nel nostro ambiente circostante; gli dei sono prima gli dei locali, gli dei del paese- di modo che si sono qualificate certe religioni come pagane (da paganus, &#8220;del paese&#8221;) La nostra Athena di Saint-Etienne, centro situato alla periferia creata dalla ferrovia, \u00e8 evidentemente il mucchio di scorie. Strana dea delle foreste, del suolo, utile alla fucina, alla casa e alla guerra. Festeggiamo Santa Barbara, ma \u00e8 soltanto l&#8217;altro nome [&hellip;]<\/p>\n","protected":false},"author":3,"featured_media":0,"comment_status":"closed","ping_status":"closed","sticky":false,"template":"","format":"standard","meta":{"_acf_changed":false,"footnotes":""},"categories":[31],"tags":[],"class_list":["post-1442","post","type-post","status-publish","format-standard","hentry","category-testi"],"acf":[],"yoast_head":"<!-- This site is optimized with the Yoast SEO plugin v27.4 - https:\/\/yoast.com\/product\/yoast-seo-wordpress\/ -->\n<title>Testo di presentazione Fr\u00e9d\u00e9ric Montfort \/Climate Canary - Aur\u00e9lie Menaldo<\/title>\n<meta name=\"description\" content=\"Fr\u00e9d\u00e9ric Montfort scrive un testo breve e intenso per la mostra Climate Canary, offrendo una visione laica e piena di rituali.\" \/>\n<meta name=\"robots\" content=\"index, follow, max-snippet:-1, max-image-preview:large, max-video-preview:-1\" \/>\n<link rel=\"canonical\" href=\"https:\/\/www.aureliemenaldo.fr\/it\/climate-canary\/\" \/>\n<meta property=\"og:locale\" content=\"it_IT\" \/>\n<meta property=\"og:type\" content=\"article\" \/>\n<meta property=\"og:title\" content=\"Testo di presentazione Fr\u00e9d\u00e9ric Montfort \/Climate Canary - Aur\u00e9lie Menaldo\" \/>\n<meta property=\"og:description\" content=\"Fr\u00e9d\u00e9ric Montfort scrive un testo breve e intenso per la mostra Climate Canary, offrendo una visione laica e piena di rituali.\" \/>\n<meta property=\"og:url\" content=\"https:\/\/www.aureliemenaldo.fr\/it\/climate-canary\/\" \/>\n<meta property=\"og:site_name\" content=\"Aur\u00e9lie Menaldo\" \/>\n<meta property=\"article:published_time\" content=\"2023-06-06T15:13:22+00:00\" \/>\n<meta property=\"article:modified_time\" content=\"2024-06-24T13:22:35+00:00\" \/>\n<meta name=\"author\" content=\"Aur\u00e9lie Menaldo\" \/>\n<meta name=\"twitter:card\" content=\"summary_large_image\" \/>\n<meta name=\"twitter:label1\" content=\"Scritto da\" \/>\n\t<meta name=\"twitter:data1\" content=\"Aur\u00e9lie Menaldo\" \/>\n\t<meta name=\"twitter:label2\" content=\"Tempo di lettura stimato\" \/>\n\t<meta name=\"twitter:data2\" content=\"1 minuto\" \/>\n<script type=\"application\/ld+json\" class=\"yoast-schema-graph\">{\"@context\":\"https:\\\/\\\/schema.org\",\"@graph\":[{\"@type\":\"Article\",\"@id\":\"https:\\\/\\\/www.aureliemenaldo.fr\\\/it\\\/climate-canary\\\/#article\",\"isPartOf\":{\"@id\":\"https:\\\/\\\/www.aureliemenaldo.fr\\\/it\\\/climate-canary\\\/\"},\"author\":{\"name\":\"Aur\u00e9lie Menaldo\",\"@id\":\"https:\\\/\\\/www.aureliemenaldo.fr\\\/it\\\/#\\\/schema\\\/person\\\/85d748f66ac806ecfdb516a7df78b137\"},\"headline\":\"Climate Canary\",\"datePublished\":\"2023-06-06T15:13:22+00:00\",\"dateModified\":\"2024-06-24T13:22:35+00:00\",\"mainEntityOfPage\":{\"@id\":\"https:\\\/\\\/www.aureliemenaldo.fr\\\/it\\\/climate-canary\\\/\"},\"wordCount\":187,\"publisher\":{\"@id\":\"https:\\\/\\\/www.aureliemenaldo.fr\\\/it\\\/#\\\/schema\\\/person\\\/85d748f66ac806ecfdb516a7df78b137\"},\"articleSection\":[\"Testi\"],\"inLanguage\":\"it-IT\"},{\"@type\":\"WebPage\",\"@id\":\"https:\\\/\\\/www.aureliemenaldo.fr\\\/it\\\/climate-canary\\\/\",\"url\":\"https:\\\/\\\/www.aureliemenaldo.fr\\\/it\\\/climate-canary\\\/\",\"name\":\"Testo di presentazione Fr\u00e9d\u00e9ric Montfort \\\/Climate Canary - Aur\u00e9lie Menaldo\",\"isPartOf\":{\"@id\":\"https:\\\/\\\/www.aureliemenaldo.fr\\\/it\\\/#website\"},\"datePublished\":\"2023-06-06T15:13:22+00:00\",\"dateModified\":\"2024-06-24T13:22:35+00:00\",\"description\":\"Fr\u00e9d\u00e9ric Montfort scrive un testo breve e intenso per la mostra Climate Canary, offrendo una visione laica e piena di rituali.\",\"inLanguage\":\"it-IT\",\"potentialAction\":[{\"@type\":\"ReadAction\",\"target\":[\"https:\\\/\\\/www.aureliemenaldo.fr\\\/it\\\/climate-canary\\\/\"]}]},{\"@type\":\"WebSite\",\"@id\":\"https:\\\/\\\/www.aureliemenaldo.fr\\\/it\\\/#website\",\"url\":\"https:\\\/\\\/www.aureliemenaldo.fr\\\/it\\\/\",\"name\":\"Aur\u00e9lie Menaldo\",\"description\":\"Artiste - Sculptures, photos, vid\u00e9os, dessins\",\"publisher\":{\"@id\":\"https:\\\/\\\/www.aureliemenaldo.fr\\\/it\\\/#\\\/schema\\\/person\\\/85d748f66ac806ecfdb516a7df78b137\"},\"potentialAction\":[{\"@type\":\"SearchAction\",\"target\":{\"@type\":\"EntryPoint\",\"urlTemplate\":\"https:\\\/\\\/www.aureliemenaldo.fr\\\/it\\\/?s={search_term_string}\"},\"query-input\":{\"@type\":\"PropertyValueSpecification\",\"valueRequired\":true,\"valueName\":\"search_term_string\"}}],\"inLanguage\":\"it-IT\"},{\"@type\":[\"Person\",\"Organization\"],\"@id\":\"https:\\\/\\\/www.aureliemenaldo.fr\\\/it\\\/#\\\/schema\\\/person\\\/85d748f66ac806ecfdb516a7df78b137\",\"name\":\"Aur\u00e9lie Menaldo\",\"image\":{\"@type\":\"ImageObject\",\"inLanguage\":\"it-IT\",\"@id\":\"https:\\\/\\\/www.aureliemenaldo.fr\\\/wp-content\\\/uploads\\\/2023\\\/04\\\/aurelie-menaldo-logo.jpg\",\"url\":\"https:\\\/\\\/www.aureliemenaldo.fr\\\/wp-content\\\/uploads\\\/2023\\\/04\\\/aurelie-menaldo-logo.jpg\",\"contentUrl\":\"https:\\\/\\\/www.aureliemenaldo.fr\\\/wp-content\\\/uploads\\\/2023\\\/04\\\/aurelie-menaldo-logo.jpg\",\"width\":388,\"height\":277,\"caption\":\"Aur\u00e9lie Menaldo\"},\"logo\":{\"@id\":\"https:\\\/\\\/www.aureliemenaldo.fr\\\/wp-content\\\/uploads\\\/2023\\\/04\\\/aurelie-menaldo-logo.jpg\"}}]}<\/script>\n<!-- \/ Yoast SEO plugin. -->","yoast_head_json":{"title":"Testo di presentazione Fr\u00e9d\u00e9ric Montfort \/Climate Canary - Aur\u00e9lie Menaldo","description":"Fr\u00e9d\u00e9ric Montfort scrive un testo breve e intenso per la mostra Climate Canary, offrendo una visione laica e piena di rituali.","robots":{"index":"index","follow":"follow","max-snippet":"max-snippet:-1","max-image-preview":"max-image-preview:large","max-video-preview":"max-video-preview:-1"},"canonical":"https:\/\/www.aureliemenaldo.fr\/it\/climate-canary\/","og_locale":"it_IT","og_type":"article","og_title":"Testo di presentazione Fr\u00e9d\u00e9ric Montfort \/Climate Canary - Aur\u00e9lie Menaldo","og_description":"Fr\u00e9d\u00e9ric Montfort scrive un testo breve e intenso per la mostra Climate Canary, offrendo una visione laica e piena di rituali.","og_url":"https:\/\/www.aureliemenaldo.fr\/it\/climate-canary\/","og_site_name":"Aur\u00e9lie Menaldo","article_published_time":"2023-06-06T15:13:22+00:00","article_modified_time":"2024-06-24T13:22:35+00:00","author":"Aur\u00e9lie Menaldo","twitter_card":"summary_large_image","twitter_misc":{"Scritto da":"Aur\u00e9lie Menaldo","Tempo di lettura stimato":"1 minuto"},"schema":{"@context":"https:\/\/schema.org","@graph":[{"@type":"Article","@id":"https:\/\/www.aureliemenaldo.fr\/it\/climate-canary\/#article","isPartOf":{"@id":"https:\/\/www.aureliemenaldo.fr\/it\/climate-canary\/"},"author":{"name":"Aur\u00e9lie Menaldo","@id":"https:\/\/www.aureliemenaldo.fr\/it\/#\/schema\/person\/85d748f66ac806ecfdb516a7df78b137"},"headline":"Climate Canary","datePublished":"2023-06-06T15:13:22+00:00","dateModified":"2024-06-24T13:22:35+00:00","mainEntityOfPage":{"@id":"https:\/\/www.aureliemenaldo.fr\/it\/climate-canary\/"},"wordCount":187,"publisher":{"@id":"https:\/\/www.aureliemenaldo.fr\/it\/#\/schema\/person\/85d748f66ac806ecfdb516a7df78b137"},"articleSection":["Testi"],"inLanguage":"it-IT"},{"@type":"WebPage","@id":"https:\/\/www.aureliemenaldo.fr\/it\/climate-canary\/","url":"https:\/\/www.aureliemenaldo.fr\/it\/climate-canary\/","name":"Testo di presentazione Fr\u00e9d\u00e9ric Montfort \/Climate Canary - Aur\u00e9lie Menaldo","isPartOf":{"@id":"https:\/\/www.aureliemenaldo.fr\/it\/#website"},"datePublished":"2023-06-06T15:13:22+00:00","dateModified":"2024-06-24T13:22:35+00:00","description":"Fr\u00e9d\u00e9ric Montfort scrive un testo breve e intenso per la mostra Climate Canary, offrendo una visione laica e piena di rituali.","inLanguage":"it-IT","potentialAction":[{"@type":"ReadAction","target":["https:\/\/www.aureliemenaldo.fr\/it\/climate-canary\/"]}]},{"@type":"WebSite","@id":"https:\/\/www.aureliemenaldo.fr\/it\/#website","url":"https:\/\/www.aureliemenaldo.fr\/it\/","name":"Aur\u00e9lie Menaldo","description":"Artiste - Sculptures, photos, vid\u00e9os, dessins","publisher":{"@id":"https:\/\/www.aureliemenaldo.fr\/it\/#\/schema\/person\/85d748f66ac806ecfdb516a7df78b137"},"potentialAction":[{"@type":"SearchAction","target":{"@type":"EntryPoint","urlTemplate":"https:\/\/www.aureliemenaldo.fr\/it\/?s={search_term_string}"},"query-input":{"@type":"PropertyValueSpecification","valueRequired":true,"valueName":"search_term_string"}}],"inLanguage":"it-IT"},{"@type":["Person","Organization"],"@id":"https:\/\/www.aureliemenaldo.fr\/it\/#\/schema\/person\/85d748f66ac806ecfdb516a7df78b137","name":"Aur\u00e9lie Menaldo","image":{"@type":"ImageObject","inLanguage":"it-IT","@id":"https:\/\/www.aureliemenaldo.fr\/wp-content\/uploads\/2023\/04\/aurelie-menaldo-logo.jpg","url":"https:\/\/www.aureliemenaldo.fr\/wp-content\/uploads\/2023\/04\/aurelie-menaldo-logo.jpg","contentUrl":"https:\/\/www.aureliemenaldo.fr\/wp-content\/uploads\/2023\/04\/aurelie-menaldo-logo.jpg","width":388,"height":277,"caption":"Aur\u00e9lie Menaldo"},"logo":{"@id":"https:\/\/www.aureliemenaldo.fr\/wp-content\/uploads\/2023\/04\/aurelie-menaldo-logo.jpg"}}]}},"_links":{"self":[{"href":"https:\/\/www.aureliemenaldo.fr\/it\/wp-json\/wp\/v2\/posts\/1442","targetHints":{"allow":["GET"]}}],"collection":[{"href":"https:\/\/www.aureliemenaldo.fr\/it\/wp-json\/wp\/v2\/posts"}],"about":[{"href":"https:\/\/www.aureliemenaldo.fr\/it\/wp-json\/wp\/v2\/types\/post"}],"author":[{"embeddable":true,"href":"https:\/\/www.aureliemenaldo.fr\/it\/wp-json\/wp\/v2\/users\/3"}],"replies":[{"embeddable":true,"href":"https:\/\/www.aureliemenaldo.fr\/it\/wp-json\/wp\/v2\/comments?post=1442"}],"version-history":[{"count":3,"href":"https:\/\/www.aureliemenaldo.fr\/it\/wp-json\/wp\/v2\/posts\/1442\/revisions"}],"predecessor-version":[{"id":2124,"href":"https:\/\/www.aureliemenaldo.fr\/it\/wp-json\/wp\/v2\/posts\/1442\/revisions\/2124"}],"wp:attachment":[{"href":"https:\/\/www.aureliemenaldo.fr\/it\/wp-json\/wp\/v2\/media?parent=1442"}],"wp:term":[{"taxonomy":"category","embeddable":true,"href":"https:\/\/www.aureliemenaldo.fr\/it\/wp-json\/wp\/v2\/categories?post=1442"},{"taxonomy":"post_tag","embeddable":true,"href":"https:\/\/www.aureliemenaldo.fr\/it\/wp-json\/wp\/v2\/tags?post=1442"}],"curies":[{"name":"wp","href":"https:\/\/api.w.org\/{rel}","templated":true}]}}